{"id":970,"date":"2026-03-31T07:15:24","date_gmt":"2026-03-31T07:15:24","guid":{"rendered":"https:\/\/cedom-madoc.be\/?p=970"},"modified":"2026-03-31T07:15:25","modified_gmt":"2026-03-31T07:15:25","slug":"exposition-au-chateau-de-seneffe","status":"publish","type":"post","link":"https:\/\/cedom-madoc.be\/fr\/exposition-au-chateau-de-seneffe\/","title":{"rendered":"Exposition au Chateau de Seneffe"},"content":{"rendered":"\n<p>La Franc-ma\u00e7onnerie au XVIIIe si\u00e8cle &#8211; Un espace de sociabilit\u00e9<br>Une exposition libre, dans l\u2019esprit de la sociabilit\u00e9 ch\u00e8re aux Lumi\u00e8res, qui pr\u00e9sente la franc-ma\u00e7onnerie du XVIIIe si\u00e8cle sous un angle in\u00e9dit, fid\u00e8le \u00e0 ses valeurs et rituels.\u00a0<br>Marjolaine Hanssens, Commissaire de l\u2019exposition. En collaboration avec le Cedom.<\/p>\n\n\n\n<figure class=\"wp-block-image size-large\"><img decoding=\"async\" width=\"724\" height=\"1024\" src=\"https:\/\/cedom-madoc.be\/wp-content\/uploads\/2026\/03\/55520cda-e9e3-d251-a7b8-27ae47e3c52a-3-724x1024.jpg\" alt=\"\" class=\"wp-image-971\" srcset=\"https:\/\/cedom-madoc.be\/wp-content\/uploads\/2026\/03\/55520cda-e9e3-d251-a7b8-27ae47e3c52a-3-724x1024.jpg 724w, https:\/\/cedom-madoc.be\/wp-content\/uploads\/2026\/03\/55520cda-e9e3-d251-a7b8-27ae47e3c52a-3-212x300.jpg 212w, https:\/\/cedom-madoc.be\/wp-content\/uploads\/2026\/03\/55520cda-e9e3-d251-a7b8-27ae47e3c52a-3-768x1086.jpg 768w, https:\/\/cedom-madoc.be\/wp-content\/uploads\/2026\/03\/55520cda-e9e3-d251-a7b8-27ae47e3c52a-3-1086x1536.jpg 1086w, https:\/\/cedom-madoc.be\/wp-content\/uploads\/2026\/03\/55520cda-e9e3-d251-a7b8-27ae47e3c52a-3.jpg 1240w\" sizes=\"(max-width: 724px) 100vw, 724px\" \/><\/figure>\n","protected":false},"excerpt":{"rendered":"<p>La Franc-ma\u00e7onnerie au XVIIIe si\u00e8cle &#8211; Un espace de sociabilit\u00e9Une exposition libre, dans l\u2019esprit de la sociabilit\u00e9 ch\u00e8re aux Lumi\u00e8res, qui pr\u00e9sente la franc-ma\u00e7onnerie du XVIIIe si\u00e8cle sous un angle in\u00e9dit, fid\u00e8le \u00e0 ses valeurs et rituels.\u00a0Marjolaine Hanssens, Commissaire de l\u2019exposition. En collaboration avec le Cedom.<\/p>\n","protected":false},"author":3,"featured_media":0,"comment_status":"closed","ping_status":"closed","sticky":false,"template":"","format":"standard","meta":{"_acf_changed":false,"footnotes":""},"categories":[4],"tags":[],"acf":[],"yoast_head":"<!-- This site is optimized with the Yoast SEO plugin v24.5 - https:\/\/yoast.com\/wordpress\/plugins\/seo\/ -->\n<title>Exposition au Chateau de Seneffe - Cedom Madoc<\/title>\n<meta name=\"robots\" content=\"index, follow, max-snippet:-1, max-image-preview:large, max-video-preview:-1\" \/>\n<link rel=\"canonical\" href=\"https:\/\/cedom-madoc.be\/fr\/exposition-au-chateau-de-seneffe\/\" \/>\n<meta property=\"og:locale\" content=\"fr_FR\" \/>\n<meta property=\"og:type\" content=\"article\" \/>\n<meta property=\"og:title\" content=\"Exposition au Chateau de Seneffe - Cedom Madoc\" \/>\n<meta property=\"og:description\" content=\"La Franc-ma\u00e7onnerie au XVIIIe si\u00e8cle &#8211; Un espace de sociabilit\u00e9Une exposition libre, dans l\u2019esprit de la sociabilit\u00e9 ch\u00e8re aux Lumi\u00e8res, qui pr\u00e9sente la franc-ma\u00e7onnerie du XVIIIe si\u00e8cle sous un angle in\u00e9dit, fid\u00e8le \u00e0 ses valeurs et rituels.\u00a0Marjolaine Hanssens, Commissaire de l\u2019exposition. En collaboration avec le Cedom.\" \/>\n<meta property=\"og:url\" content=\"https:\/\/cedom-madoc.be\/fr\/exposition-au-chateau-de-seneffe\/\" \/>\n<meta property=\"og:site_name\" content=\"Cedom Madoc\" \/>\n<meta property=\"article:published_time\" content=\"2026-03-31T07:15:24+00:00\" \/>\n<meta property=\"article:modified_time\" content=\"2026-03-31T07:15:25+00:00\" \/>\n<meta property=\"og:image\" content=\"https:\/\/cedom-madoc.be\/wp-content\/uploads\/2026\/03\/55520cda-e9e3-d251-a7b8-27ae47e3c52a-3.jpg\" \/>\n\t<meta property=\"og:image:width\" content=\"1240\" \/>\n\t<meta property=\"og:image:height\" content=\"1754\" \/>\n\t<meta property=\"og:image:type\" content=\"image\/jpeg\" \/>\n<meta name=\"author\" content=\"david.vergauwen@gob.be\" \/>\n<meta name=\"twitter:card\" content=\"summary_large_image\" \/>\n<meta name=\"twitter:label1\" content=\"\u00c9crit par\" \/>\n\t<meta name=\"twitter:data1\" content=\"david.vergauwen@gob.be\" \/>\n\t<meta name=\"twitter:label2\" content=\"Dur\u00e9e de lecture estim\u00e9e\" \/>\n\t<meta name=\"twitter:data2\" content=\"1 minute\" \/>\n<script type=\"application\/ld+json\" class=\"yoast-schema-graph\">{\"@context\":\"https:\/\/schema.org\",\"@graph\":[{\"@type\":\"Article\",\"@id\":\"https:\/\/cedom-madoc.be\/fr\/exposition-au-chateau-de-seneffe\/#article\",\"isPartOf\":{\"@id\":\"https:\/\/cedom-madoc.be\/fr\/exposition-au-chateau-de-seneffe\/\"},\"author\":{\"name\":\"david.vergauwen@gob.be\",\"@id\":\"https:\/\/cedom-madoc.be\/fr\/#\/schema\/person\/7ca056130c3c69f6faa9025dd91fd08c\"},\"headline\":\"Exposition au Chateau de Seneffe\",\"datePublished\":\"2026-03-31T07:15:24+00:00\",\"dateModified\":\"2026-03-31T07:15:25+00:00\",\"mainEntityOfPage\":{\"@id\":\"https:\/\/cedom-madoc.be\/fr\/exposition-au-chateau-de-seneffe\/\"},\"wordCount\":63,\"publisher\":{\"@id\":\"https:\/\/cedom-madoc.be\/fr\/#organization\"},\"image\":{\"@id\":\"https:\/\/cedom-madoc.be\/fr\/exposition-au-chateau-de-seneffe\/#primaryimage\"},\"thumbnailUrl\":\"https:\/\/cedom-madoc.be\/wp-content\/uploads\/2026\/03\/55520cda-e9e3-d251-a7b8-27ae47e3c52a-3-724x1024.jpg\",\"articleSection\":[\"Non classifi\u00e9(e)\"],\"inLanguage\":\"fr-FR\"},{\"@type\":\"WebPage\",\"@id\":\"https:\/\/cedom-madoc.be\/fr\/exposition-au-chateau-de-seneffe\/\",\"url\":\"https:\/\/cedom-madoc.be\/fr\/exposition-au-chateau-de-seneffe\/\",\"name\":\"Exposition au Chateau de Seneffe - Cedom Madoc\",\"isPartOf\":{\"@id\":\"https:\/\/cedom-madoc.be\/fr\/#website\"},\"primaryImageOfPage\":{\"@id\":\"https:\/\/cedom-madoc.be\/fr\/exposition-au-chateau-de-seneffe\/#primaryimage\"},\"image\":{\"@id\":\"https:\/\/cedom-madoc.be\/fr\/exposition-au-chateau-de-seneffe\/#primaryimage\"},\"thumbnailUrl\":\"https:\/\/cedom-madoc.be\/wp-content\/uploads\/2026\/03\/55520cda-e9e3-d251-a7b8-27ae47e3c52a-3-724x1024.jpg\",\"datePublished\":\"2026-03-31T07:15:24+00:00\",\"dateModified\":\"2026-03-31T07:15:25+00:00\",\"breadcrumb\":{\"@id\":\"https:\/\/cedom-madoc.be\/fr\/exposition-au-chateau-de-seneffe\/#breadcrumb\"},\"inLanguage\":\"fr-FR\",\"potentialAction\":[{\"@type\":\"ReadAction\",\"target\":[\"https:\/\/cedom-madoc.be\/fr\/exposition-au-chateau-de-seneffe\/\"]}]},{\"@type\":\"ImageObject\",\"inLanguage\":\"fr-FR\",\"@id\":\"https:\/\/cedom-madoc.be\/fr\/exposition-au-chateau-de-seneffe\/#primaryimage\",\"url\":\"https:\/\/cedom-madoc.be\/wp-content\/uploads\/2026\/03\/55520cda-e9e3-d251-a7b8-27ae47e3c52a-3-724x1024.jpg\",\"contentUrl\":\"https:\/\/cedom-madoc.be\/wp-content\/uploads\/2026\/03\/55520cda-e9e3-d251-a7b8-27ae47e3c52a-3-724x1024.jpg\"},{\"@type\":\"BreadcrumbList\",\"@id\":\"https:\/\/cedom-madoc.be\/fr\/exposition-au-chateau-de-seneffe\/#breadcrumb\",\"itemListElement\":[{\"@type\":\"ListItem\",\"position\":1,\"name\":\"Cedom-Madoc\",\"item\":\"https:\/\/cedom-madoc.be\/fr\/\"},{\"@type\":\"ListItem\",\"position\":2,\"name\":\"Exposition au Chateau de Seneffe\"}]},{\"@type\":\"WebSite\",\"@id\":\"https:\/\/cedom-madoc.be\/fr\/#website\",\"url\":\"https:\/\/cedom-madoc.be\/fr\/\",\"name\":\"Cedom Madoc\",\"description\":\"\",\"publisher\":{\"@id\":\"https:\/\/cedom-madoc.be\/fr\/#organization\"},\"potentialAction\":[{\"@type\":\"SearchAction\",\"target\":{\"@type\":\"EntryPoint\",\"urlTemplate\":\"https:\/\/cedom-madoc.be\/fr\/?s={search_term_string}\"},\"query-input\":{\"@type\":\"PropertyValueSpecification\",\"valueRequired\":true,\"valueName\":\"search_term_string\"}}],\"inLanguage\":\"fr-FR\"},{\"@type\":\"Organization\",\"@id\":\"https:\/\/cedom-madoc.be\/fr\/#organization\",\"name\":\"Cedom Madoc\",\"url\":\"https:\/\/cedom-madoc.be\/fr\/\",\"logo\":{\"@type\":\"ImageObject\",\"inLanguage\":\"fr-FR\",\"@id\":\"https:\/\/cedom-madoc.be\/fr\/#\/schema\/logo\/image\/\",\"url\":\"https:\/\/cedom-madoc.be\/wp-content\/uploads\/2024\/01\/logo-cedom-text-nb.svg\",\"contentUrl\":\"https:\/\/cedom-madoc.be\/wp-content\/uploads\/2024\/01\/logo-cedom-text-nb.svg\",\"caption\":\"Cedom Madoc\"},\"image\":{\"@id\":\"https:\/\/cedom-madoc.be\/fr\/#\/schema\/logo\/image\/\"}},{\"@type\":\"Person\",\"@id\":\"https:\/\/cedom-madoc.be\/fr\/#\/schema\/person\/7ca056130c3c69f6faa9025dd91fd08c\",\"name\":\"david.vergauwen@gob.be\",\"image\":{\"@type\":\"ImageObject\",\"inLanguage\":\"fr-FR\",\"@id\":\"https:\/\/cedom-madoc.be\/fr\/#\/schema\/person\/image\/\",\"url\":\"https:\/\/secure.gravatar.com\/avatar\/9f868482d9cca9fe6ea02a6d1f1a3433?s=96&d=mm&r=g\",\"contentUrl\":\"https:\/\/secure.gravatar.com\/avatar\/9f868482d9cca9fe6ea02a6d1f1a3433?s=96&d=mm&r=g\",\"caption\":\"david.vergauwen@gob.be\"},\"url\":\"https:\/\/cedom-madoc.be\/fr\/author\/david-vergauwengob-be\/\"}]}<\/script>\n<!-- \/ Yoast SEO plugin. -->","yoast_head_json":{"title":"Exposition au Chateau de Seneffe - Cedom Madoc","robots":{"index":"index","follow":"follow","max-snippet":"max-snippet:-1","max-image-preview":"max-image-preview:large","max-video-preview":"max-video-preview:-1"},"canonical":"https:\/\/cedom-madoc.be\/fr\/exposition-au-chateau-de-seneffe\/","og_locale":"fr_FR","og_type":"article","og_title":"Exposition au Chateau de Seneffe - Cedom Madoc","og_description":"La Franc-ma\u00e7onnerie au XVIIIe si\u00e8cle &#8211; Un espace de sociabilit\u00e9Une exposition libre, dans l\u2019esprit de la sociabilit\u00e9 ch\u00e8re aux Lumi\u00e8res, qui pr\u00e9sente la franc-ma\u00e7onnerie du XVIIIe si\u00e8cle sous un angle in\u00e9dit, fid\u00e8le \u00e0 ses valeurs et rituels.\u00a0Marjolaine Hanssens, Commissaire de l\u2019exposition. En collaboration avec le Cedom.","og_url":"https:\/\/cedom-madoc.be\/fr\/exposition-au-chateau-de-seneffe\/","og_site_name":"Cedom Madoc","article_published_time":"2026-03-31T07:15:24+00:00","article_modified_time":"2026-03-31T07:15:25+00:00","og_image":[{"width":1240,"height":1754,"url":"https:\/\/cedom-madoc.be\/wp-content\/uploads\/2026\/03\/55520cda-e9e3-d251-a7b8-27ae47e3c52a-3.jpg","type":"image\/jpeg"}],"author":"david.vergauwen@gob.be","twitter_card":"summary_large_image","twitter_misc":{"\u00c9crit par":"david.vergauwen@gob.be","Dur\u00e9e de lecture estim\u00e9e":"1 minute"},"schema":{"@context":"https:\/\/schema.org","@graph":[{"@type":"Article","@id":"https:\/\/cedom-madoc.be\/fr\/exposition-au-chateau-de-seneffe\/#article","isPartOf":{"@id":"https:\/\/cedom-madoc.be\/fr\/exposition-au-chateau-de-seneffe\/"},"author":{"name":"david.vergauwen@gob.be","@id":"https:\/\/cedom-madoc.be\/fr\/#\/schema\/person\/7ca056130c3c69f6faa9025dd91fd08c"},"headline":"Exposition au Chateau de Seneffe","datePublished":"2026-03-31T07:15:24+00:00","dateModified":"2026-03-31T07:15:25+00:00","mainEntityOfPage":{"@id":"https:\/\/cedom-madoc.be\/fr\/exposition-au-chateau-de-seneffe\/"},"wordCount":63,"publisher":{"@id":"https:\/\/cedom-madoc.be\/fr\/#organization"},"image":{"@id":"https:\/\/cedom-madoc.be\/fr\/exposition-au-chateau-de-seneffe\/#primaryimage"},"thumbnailUrl":"https:\/\/cedom-madoc.be\/wp-content\/uploads\/2026\/03\/55520cda-e9e3-d251-a7b8-27ae47e3c52a-3-724x1024.jpg","articleSection":["Non classifi\u00e9(e)"],"inLanguage":"fr-FR"},{"@type":"WebPage","@id":"https:\/\/cedom-madoc.be\/fr\/exposition-au-chateau-de-seneffe\/","url":"https:\/\/cedom-madoc.be\/fr\/exposition-au-chateau-de-seneffe\/","name":"Exposition au Chateau de Seneffe - Cedom Madoc","isPartOf":{"@id":"https:\/\/cedom-madoc.be\/fr\/#website"},"primaryImageOfPage":{"@id":"https:\/\/cedom-madoc.be\/fr\/exposition-au-chateau-de-seneffe\/#primaryimage"},"image":{"@id":"https:\/\/cedom-madoc.be\/fr\/exposition-au-chateau-de-seneffe\/#primaryimage"},"thumbnailUrl":"https:\/\/cedom-madoc.be\/wp-content\/uploads\/2026\/03\/55520cda-e9e3-d251-a7b8-27ae47e3c52a-3-724x1024.jpg","datePublished":"2026-03-31T07:15:24+00:00","dateModified":"2026-03-31T07:15:25+00:00","breadcrumb":{"@id":"https:\/\/cedom-madoc.be\/fr\/exposition-au-chateau-de-seneffe\/#breadcrumb"},"inLanguage":"fr-FR","potentialAction":[{"@type":"ReadAction","target":["https:\/\/cedom-madoc.be\/fr\/exposition-au-chateau-de-seneffe\/"]}]},{"@type":"ImageObject","inLanguage":"fr-FR","@id":"https:\/\/cedom-madoc.be\/fr\/exposition-au-chateau-de-seneffe\/#primaryimage","url":"https:\/\/cedom-madoc.be\/wp-content\/uploads\/2026\/03\/55520cda-e9e3-d251-a7b8-27ae47e3c52a-3-724x1024.jpg","contentUrl":"https:\/\/cedom-madoc.be\/wp-content\/uploads\/2026\/03\/55520cda-e9e3-d251-a7b8-27ae47e3c52a-3-724x1024.jpg"},{"@type":"BreadcrumbList","@id":"https:\/\/cedom-madoc.be\/fr\/exposition-au-chateau-de-seneffe\/#breadcrumb","itemListElement":[{"@type":"ListItem","position":1,"name":"Cedom-Madoc","item":"https:\/\/cedom-madoc.be\/fr\/"},{"@type":"ListItem","position":2,"name":"Exposition au Chateau de Seneffe"}]},{"@type":"WebSite","@id":"https:\/\/cedom-madoc.be\/fr\/#website","url":"https:\/\/cedom-madoc.be\/fr\/","name":"Cedom Madoc","description":"","publisher":{"@id":"https:\/\/cedom-madoc.be\/fr\/#organization"},"potentialAction":[{"@type":"SearchAction","target":{"@type":"EntryPoint","urlTemplate":"https:\/\/cedom-madoc.be\/fr\/?s={search_term_string}"},"query-input":{"@type":"PropertyValueSpecification","valueRequired":true,"valueName":"search_term_string"}}],"inLanguage":"fr-FR"},{"@type":"Organization","@id":"https:\/\/cedom-madoc.be\/fr\/#organization","name":"Cedom Madoc","url":"https:\/\/cedom-madoc.be\/fr\/","logo":{"@type":"ImageObject","inLanguage":"fr-FR","@id":"https:\/\/cedom-madoc.be\/fr\/#\/schema\/logo\/image\/","url":"https:\/\/cedom-madoc.be\/wp-content\/uploads\/2024\/01\/logo-cedom-text-nb.svg","contentUrl":"https:\/\/cedom-madoc.be\/wp-content\/uploads\/2024\/01\/logo-cedom-text-nb.svg","caption":"Cedom Madoc"},"image":{"@id":"https:\/\/cedom-madoc.be\/fr\/#\/schema\/logo\/image\/"}},{"@type":"Person","@id":"https:\/\/cedom-madoc.be\/fr\/#\/schema\/person\/7ca056130c3c69f6faa9025dd91fd08c","name":"david.vergauwen@gob.be","image":{"@type":"ImageObject","inLanguage":"fr-FR","@id":"https:\/\/cedom-madoc.be\/fr\/#\/schema\/person\/image\/","url":"https:\/\/secure.gravatar.com\/avatar\/9f868482d9cca9fe6ea02a6d1f1a3433?s=96&d=mm&r=g","contentUrl":"https:\/\/secure.gravatar.com\/avatar\/9f868482d9cca9fe6ea02a6d1f1a3433?s=96&d=mm&r=g","caption":"david.vergauwen@gob.be"},"url":"https:\/\/cedom-madoc.be\/fr\/author\/david-vergauwengob-be\/"}]}},"_links":{"self":[{"href":"https:\/\/cedom-madoc.be\/fr\/wp-json\/wp\/v2\/posts\/970"}],"collection":[{"href":"https:\/\/cedom-madoc.be\/fr\/wp-json\/wp\/v2\/posts"}],"about":[{"href":"https:\/\/cedom-madoc.be\/fr\/wp-json\/wp\/v2\/types\/post"}],"author":[{"embeddable":true,"href":"https:\/\/cedom-madoc.be\/fr\/wp-json\/wp\/v2\/users\/3"}],"replies":[{"embeddable":true,"href":"https:\/\/cedom-madoc.be\/fr\/wp-json\/wp\/v2\/comments?post=970"}],"version-history":[{"count":1,"href":"https:\/\/cedom-madoc.be\/fr\/wp-json\/wp\/v2\/posts\/970\/revisions"}],"predecessor-version":[{"id":974,"href":"https:\/\/cedom-madoc.be\/fr\/wp-json\/wp\/v2\/posts\/970\/revisions\/974"}],"wp:attachment":[{"href":"https:\/\/cedom-madoc.be\/fr\/wp-json\/wp\/v2\/media?parent=970"}],"wp:term":[{"taxonomy":"category","embeddable":true,"href":"https:\/\/cedom-madoc.be\/fr\/wp-json\/wp\/v2\/categories?post=970"},{"taxonomy":"post_tag","embeddable":true,"href":"https:\/\/cedom-madoc.be\/fr\/wp-json\/wp\/v2\/tags?post=970"}],"curies":[{"name":"wp","href":"https:\/\/api.w.org\/{rel}","templated":true}]}}